{"id":10332,"date":"2023-01-03T20:41:00","date_gmt":"2023-01-03T20:41:00","guid":{"rendered":"https:\/\/www.demopolis.it\/?p=10332"},"modified":"2026-03-28T16:27:39","modified_gmt":"2026-03-28T16:27:39","slug":"trasporto-aereo-strategico-per-la-ripresa-del-paese-indagine-demopolis-per-assaeroporti","status":"publish","type":"post","link":"https:\/\/www.demopolis.it\/?p=10332","title":{"rendered":"Trasporto aereo strategico per la ripresa del Paese: indagine Demopolis per Assaeroporti"},"content":{"rendered":"\n<p>Dopo oltre 2 anni di emergenza pandemica, l\u201980% dei fruitori del trasporto aereo prevede di tornare a volare come prima; e in ampia parte lo sta gi\u00e0 facendo. Pi\u00f9 di 6 su 10 sostengono che le limitazioni agli spostamenti aerei hanno inciso pesantemente sulla loro qualit\u00e0 della vita.<br>Il comparto aeroportuale nella sua interezza ha subito, molto pi\u00f9 di altri, gli ultimi 24 mesi di crisi globale. E oggi riparte in un contesto geopolitico che pone nuove incognite sulle scelte dei cittadini e sullo sviluppo del tessuto produttivo.<\/p>\n\n\n\n<div class=\"wp-block-image\"><figure class=\"aligncenter size-full\"><a href=\"https:\/\/www.demopolis.it\/wp-content\/uploads\/2022\/06\/Grafiche_Media_Assaeroporti_Demopolis_giugno2022.002.jpeg\"><img loading=\"lazy\" width=\"1024\" height=\"576\" src=\"https:\/\/www.demopolis.it\/wp-content\/uploads\/2022\/06\/Grafiche_Media_Assaeroporti_Demopolis_giugno2022.002.jpeg\" alt=\"\" class=\"wp-image-10333\" srcset=\"https:\/\/www.demopolis.it\/wp-content\/uploads\/2022\/06\/Grafiche_Media_Assaeroporti_Demopolis_giugno2022.002.jpeg 1024w, https:\/\/www.demopolis.it\/wp-content\/uploads\/2022\/06\/Grafiche_Media_Assaeroporti_Demopolis_giugno2022.002-300x169.jpeg 300w, https:\/\/www.demopolis.it\/wp-content\/uploads\/2022\/06\/Grafiche_Media_Assaeroporti_Demopolis_giugno2022.002-768x432.jpeg 768w\" sizes=\"(max-width: 1024px) 100vw, 1024px\" \/><\/a><\/figure><\/div>\n\n\n\n<div class=\"wp-block-image\"><figure class=\"aligncenter size-full\"><a href=\"https:\/\/www.demopolis.it\/wp-content\/uploads\/2022\/06\/Grafiche_Media_Assaeroporti_Demopolis_giugno2022.003.jpeg\"><img loading=\"lazy\" width=\"1024\" height=\"576\" src=\"https:\/\/www.demopolis.it\/wp-content\/uploads\/2022\/06\/Grafiche_Media_Assaeroporti_Demopolis_giugno2022.003.jpeg\" alt=\"\" class=\"wp-image-10334\" srcset=\"https:\/\/www.demopolis.it\/wp-content\/uploads\/2022\/06\/Grafiche_Media_Assaeroporti_Demopolis_giugno2022.003.jpeg 1024w, https:\/\/www.demopolis.it\/wp-content\/uploads\/2022\/06\/Grafiche_Media_Assaeroporti_Demopolis_giugno2022.003-300x169.jpeg 300w, https:\/\/www.demopolis.it\/wp-content\/uploads\/2022\/06\/Grafiche_Media_Assaeroporti_Demopolis_giugno2022.003-768x432.jpeg 768w\" sizes=\"(max-width: 1024px) 100vw, 1024px\" \/><\/a><\/figure><\/div>\n\n\n\n<p>\u00c8 il quadro che emerge dall\u2019indagine condotta per Assaeroporti dall\u2019Istituto Demopolis, che ha analizzato la percezione del trasporto aereo e del sistema aeroportuale da parte dell\u2019opinione pubblica italiana (con lo studio di un campione demoscopico di 4.800 intervistati) e di 3 target strategici: fruitori del trasporto aereo, rappresentanti politici e istituzionali, imprenditori e dirigenti d&#8217;azienda.<\/p>\n\n\n\n<p><br>L\u2019indagine \u00e8 stata presentata presso la sede della Stampa estera a Roma dal direttore di Demopolis Pietro Vento e dal Presidente di Assaeroporti Carlo Borgomeo. Ne hanno discusso il Ministro delle Infrastrutture e della Mobilit\u00e0 Sostenibili Enrico Giovannini, il Presidente dell\u2019ENAC, Pierluigi Di Palma, la Presidente dell\u2019ENAV, Francesca Isgr\u00f2.<br>Fin dalle fasi di ascolto qualitativo della ricerca Demopolis, il profilo del sistema aeroportuale italiano si tratteggia con i caratteri solidi di un asset irrinunciabile, motore fondamentale per la ripresa del Paese.<\/p>\n\n\n\n<p><br>Nella programmazione di un viaggio sulla media-lunga distanza, costo e comodit\u00e0 dei servizi sono le principali variabili di scelta dei mezzi di trasporto, indicate da circa i 2\/3 degli italiani. 6 su 10 segnalano la rilevanza del \u201ctempo di percorrenza\u201d. In questa graduatoria, l\u2019impatto ambientale riveste un ruolo cadetto: appena il 7% del campione lo valuta nella scelta di un mezzo di trasporto. \u00c8 un dato che non cambia anche tra i cittadini che si dichiarano pi\u00f9 attenti agli obiettivi transizione ecologica nelle scelte di sviluppo per l\u2019Italia.<\/p>\n\n\n\n<div class=\"wp-block-image\"><figure class=\"aligncenter size-full\"><a href=\"https:\/\/www.demopolis.it\/wp-content\/uploads\/2022\/06\/Grafiche_Media_Assaeroporti_Demopolis_giugno2022.004.jpeg\"><img loading=\"lazy\" width=\"1024\" height=\"576\" src=\"https:\/\/www.demopolis.it\/wp-content\/uploads\/2022\/06\/Grafiche_Media_Assaeroporti_Demopolis_giugno2022.004.jpeg\" alt=\"\" class=\"wp-image-10335\" srcset=\"https:\/\/www.demopolis.it\/wp-content\/uploads\/2022\/06\/Grafiche_Media_Assaeroporti_Demopolis_giugno2022.004.jpeg 1024w, https:\/\/www.demopolis.it\/wp-content\/uploads\/2022\/06\/Grafiche_Media_Assaeroporti_Demopolis_giugno2022.004-300x169.jpeg 300w, https:\/\/www.demopolis.it\/wp-content\/uploads\/2022\/06\/Grafiche_Media_Assaeroporti_Demopolis_giugno2022.004-768x432.jpeg 768w\" sizes=\"(max-width: 1024px) 100vw, 1024px\" \/><\/a><\/figure><\/div>\n\n\n\n<p>Nella percezione dell\u2019opinione pubblica, a minacciare maggiormente la salvaguardia dell\u2019ambiente nelle regioni italiane \u00e8 l\u2019impatto dello sviluppo industriale: lo sversamento di liquidi o materiali inquinanti nei fiumi e in mare, citato dal 72%, ed il proliferare di discariche, con la scorretta gestione dei rifiuti (69%). 2 intervistati su 3 citano l\u2019incidenza del traffico e del trasporto su gomma, che si conferma il sistema di mobilit\u00e0 pi\u00f9 pernicioso per gli equilibri ecologici.<\/p>\n\n\n\n<div class=\"wp-block-image\"><figure class=\"aligncenter size-full\"><a href=\"https:\/\/www.demopolis.it\/wp-content\/uploads\/2022\/06\/Grafiche_Media_Assaeroporti_Demopolis_giugno2022.005.jpeg\"><img loading=\"lazy\" width=\"1024\" height=\"576\" src=\"https:\/\/www.demopolis.it\/wp-content\/uploads\/2022\/06\/Grafiche_Media_Assaeroporti_Demopolis_giugno2022.005.jpeg\" alt=\"\" class=\"wp-image-10336\" srcset=\"https:\/\/www.demopolis.it\/wp-content\/uploads\/2022\/06\/Grafiche_Media_Assaeroporti_Demopolis_giugno2022.005.jpeg 1024w, https:\/\/www.demopolis.it\/wp-content\/uploads\/2022\/06\/Grafiche_Media_Assaeroporti_Demopolis_giugno2022.005-300x169.jpeg 300w, https:\/\/www.demopolis.it\/wp-content\/uploads\/2022\/06\/Grafiche_Media_Assaeroporti_Demopolis_giugno2022.005-768x432.jpeg 768w\" sizes=\"(max-width: 1024px) 100vw, 1024px\" \/><\/a><\/figure><\/div>\n\n\n\n<p>In questo contesto, appena 1 italiano su 10 cita il trasporto aereo come minaccia alla salvaguardia dell\u2019ambiente.<br>Demopolis ha verificato quali sistemi di trasporto siano percepiti come pi\u00f9 \u201cpuliti\u201d in termini di emissione di Co2. Per l\u2019opinione pubblica, il pi\u00f9 pulito fra i mezzi di trasporto \u00e8 il treno, con l\u201987% di indicazioni; il 9% cita il trasporto aereo. La maglia nera dell\u2019impatto ambientale \u00e8 ovviamente assegnata al trasporto su gomma.<\/p>\n\n\n\n<p><br>Tuttavia, i cittadini ritengono che del trasporto aereo non si possa fare a meno: si attesta al 13% il segmento di quanti sostengono che si debba ridimensionare il traffico aereo in quanto troppo inquinante.<br>Piuttosto, la transizione possibile verso obiettivi di sostenibilit\u00e0 va considerata una missione sistemica, che non pu\u00f2 escludere alcun comparto: per l\u201982% degli italiani, in un\u2019ottica di transizione ecologica, oggi occorre investire nello sviluppo sostenibile anche dei sistemi aeroportuali.<\/p>\n\n\n\n<div class=\"wp-block-image\"><figure class=\"aligncenter size-full\"><a href=\"https:\/\/www.demopolis.it\/wp-content\/uploads\/2022\/06\/Grafiche_Media_Assaeroporti_Demopolis_giugno2022.006.jpeg\"><img loading=\"lazy\" width=\"1024\" height=\"576\" src=\"https:\/\/www.demopolis.it\/wp-content\/uploads\/2022\/06\/Grafiche_Media_Assaeroporti_Demopolis_giugno2022.006.jpeg\" alt=\"\" class=\"wp-image-10337\" srcset=\"https:\/\/www.demopolis.it\/wp-content\/uploads\/2022\/06\/Grafiche_Media_Assaeroporti_Demopolis_giugno2022.006.jpeg 1024w, https:\/\/www.demopolis.it\/wp-content\/uploads\/2022\/06\/Grafiche_Media_Assaeroporti_Demopolis_giugno2022.006-300x169.jpeg 300w, https:\/\/www.demopolis.it\/wp-content\/uploads\/2022\/06\/Grafiche_Media_Assaeroporti_Demopolis_giugno2022.006-768x432.jpeg 768w\" sizes=\"(max-width: 1024px) 100vw, 1024px\" \/><\/a><\/figure><\/div>\n\n\n\n<p>Enorme \u00e8, fra l\u2019altro, l\u2019impatto economico ed occupazionale del comparto, sebbene il reale valore del sistema sfugga ai pi\u00f9: in una graduatoria delle articolazioni modali del trasporto, ad essere ritenuta economicamente pi\u00f9 rilevante dai cittadini \u00e8 la \u201cgomma\u201d (auto e bus), seguita dal trasporto ferroviario. Il comparto della mobilit\u00e0 aerea viene percepito come meno rilevante, forse anche in ragione di una limitata presenza di vettori italiani.<br>Un\u2019ulteriore lacuna conoscitiva, rilevata dall\u2019indagine dell\u2019Istituto Demopolis per Assaeroporti, riguarda la forza occupazionale del settore, che la maggioranza degli italiani, opinion leader compresi, oggi sottostima: appena il 18% individua correttamente l\u2019indotto occupazione generato dai transiti aeroportuali.<\/p>\n\n\n\n<p><br>Se risulta non integralmente compiuta la percezione del valore \u201cnazionale\u201d del sistema, molto diffusa appare la consapevolezza dell\u2019impatto della presenza di un aeroporto sui territori di pertinenza: il 73% riconosce pienamente la capacit\u00e0 dei sistemi aeroportuali di creare un indotto economico ed occupazione irrinunciabile per i territori, una consapevolezza che raggiunge l\u201980% tra chi esercita un\u2019attivit\u00e0 produttiva.<br>Risulta plebiscitariamente percepito dall\u201988% degli italiani il ruolo imprescindibile del trasporto aereo per la ripresa dei flussi turistici, gi\u00e0 pienamente in atto dopo oltre 2 anni di emergenza Covid.<\/p>\n\n\n\n<div class=\"wp-block-image\"><figure class=\"aligncenter size-full\"><a href=\"https:\/\/www.demopolis.it\/wp-content\/uploads\/2022\/06\/Grafiche_Media_Assaeroporti_Demopolis_giugno2022.007.jpeg\"><img loading=\"lazy\" width=\"1024\" height=\"576\" src=\"https:\/\/www.demopolis.it\/wp-content\/uploads\/2022\/06\/Grafiche_Media_Assaeroporti_Demopolis_giugno2022.007.jpeg\" alt=\"\" class=\"wp-image-10338\" srcset=\"https:\/\/www.demopolis.it\/wp-content\/uploads\/2022\/06\/Grafiche_Media_Assaeroporti_Demopolis_giugno2022.007.jpeg 1024w, https:\/\/www.demopolis.it\/wp-content\/uploads\/2022\/06\/Grafiche_Media_Assaeroporti_Demopolis_giugno2022.007-300x169.jpeg 300w, https:\/\/www.demopolis.it\/wp-content\/uploads\/2022\/06\/Grafiche_Media_Assaeroporti_Demopolis_giugno2022.007-768x432.jpeg 768w\" sizes=\"(max-width: 1024px) 100vw, 1024px\" \/><\/a><\/figure><\/div>\n\n\n\n<p>I fruitori abituali del trasporto aereo promuovono in larghissima maggioranza, con un voto positivo, gli aeroporti italiani. E, a conferma di una caratteristica cardine del sistema, valutano l\u2019aereo come il pi\u00f9 sicuro fra i mezzi di trasporto. In termini generali, l\u201987% degli italiani concorda con l\u2019assunto che volare in aereo sia sicuro.<br>La ripresa del Paese passa oggi anche dagli aeroporti. Dopo i 2 anni di emergenza Covid, oggi il rilancio del sistema aeroportuale \u00e8 essenziale per la crescita dell\u2019economia, del turismo e dell\u2019occupazione: ne \u00e8 pienamente convinto il 90% degli italiani. Ma lo pensa, senza differenze significative, anche l\u201989% dei rappresentanti politici e istituzionali ed il 93% degli imprenditori intervistati dall\u2019Istituto Demopolis.<\/p>\n\n\n\n<div class=\"wp-block-image\"><figure class=\"aligncenter size-full\"><a href=\"https:\/\/www.demopolis.it\/wp-content\/uploads\/2022\/06\/Grafiche_Media_Assaeroporti_Demopolis_giugno2022.009.jpeg\"><img loading=\"lazy\" width=\"1024\" height=\"576\" src=\"https:\/\/www.demopolis.it\/wp-content\/uploads\/2022\/06\/Grafiche_Media_Assaeroporti_Demopolis_giugno2022.009.jpeg\" alt=\"\" class=\"wp-image-10339\" srcset=\"https:\/\/www.demopolis.it\/wp-content\/uploads\/2022\/06\/Grafiche_Media_Assaeroporti_Demopolis_giugno2022.009.jpeg 1024w, https:\/\/www.demopolis.it\/wp-content\/uploads\/2022\/06\/Grafiche_Media_Assaeroporti_Demopolis_giugno2022.009-300x169.jpeg 300w, https:\/\/www.demopolis.it\/wp-content\/uploads\/2022\/06\/Grafiche_Media_Assaeroporti_Demopolis_giugno2022.009-768x432.jpeg 768w\" sizes=\"(max-width: 1024px) 100vw, 1024px\" \/><\/a><\/figure><\/div>\n\n\n\n<p>\u201cAl di l\u00e0 di affermazioni di principio sulla rilevanza del settore, &#8211; ha dichiarato il Presidente di Assaeroporti Carlo Borgomeo &#8211; nel nostro Paese c\u2019\u00e8 una generale sottovalutazione delle ricadute positive che il trasporto aereo e il sistema aeroportuale determinano sullo sviluppo economico e, in particolare, sull&#8217;occupazione<br>L\u2019auspicio &#8211; conclude Borgomeo &#8211; \u00e8 che, con il Piano Nazionale degli Aeroporti, il nostro settore possa recuperare centralit\u00e0 nel quadro delle politiche dei trasporti\u201d.<\/p>\n\n\n\n<p><\/p>\n\n\n\n<p><\/p>\n\n\n\n<p><br>Nota informativa<br>L\u2019indagine demoscopica \u00e8 stata condotta per Assaeroporti dall\u2019Istituto Demopolis, diretto da Pietro Vento, su un campione complessivo di 4.800 intervistati, statisticamente rappresentativo dell\u2019universo della popolazione italiana maggiorenne, stratificato per quote sulla base di genere, et\u00e0, area geografica di residenza.<br>Supervisione della rilevazione demoscopica di Marco E. Tabacchi. Coordinamento della ricerca a cura di Pietro Vento, con la collaborazione di Giusy Montalbano e Maria Sabrina Titone.<\/p>\n","protected":false},"excerpt":{"rendered":"<p>Dopo oltre 2 anni di emergenza pandemica, l\u201980% dei fruitori del trasporto aereo prevede di tornare a volare come prima; e in ampia parte lo sta gi\u00e0 facendo. Pi\u00f9 di 6 su 10 sostengono che le limitazioni agli spostamenti aerei hanno inciso pesantemente sulla loro qualit\u00e0 della vita.<br \/>\nIl comparto aeroportuale nella sua interezza ha subito, molto pi\u00f9 di altri, gli ultimi 24 mesi di crisi globale. E oggi riparte in un contesto geopolitico che pone nuove incognite sulle scelte dei cittadini e sullo sviluppo del tessuto produttivo. \u00c8 il quadro che emerge dall\u2019indagine condotta per Assaeroporti dall\u2019Istituto Demopolis, che ha analizzato la percezione del trasporto aereo e del sistema aeroportuale da parte dell\u2019opinione pubblica italiana.<\/p>\n","protected":false},"author":3,"featured_media":10333,"comment_status":"closed","ping_status":"closed","sticky":false,"template":"","format":"standard","meta":{"ub_ctt_via":"","sfsi_plus_gutenberg_text_before_share":"","sfsi_plus_gutenberg_show_text_before_share":"","sfsi_plus_gutenberg_icon_type":"","sfsi_plus_gutenberg_icon_alignemt":"","sfsi_plus_gutenburg_max_per_row":""},"categories":[5],"tags":[],"featured_image_src":"https:\/\/www.demopolis.it\/wp-content\/uploads\/2022\/06\/Grafiche_Media_Assaeroporti_Demopolis_giugno2022.002.jpeg","author_info":{"display_name":"Giusy Montalbano","author_link":"https:\/\/www.demopolis.it\/?author=3"},"_links":{"self":[{"href":"https:\/\/www.demopolis.it\/index.php?rest_route=\/wp\/v2\/posts\/10332"}],"collection":[{"href":"https:\/\/www.demopolis.it\/index.php?rest_route=\/wp\/v2\/posts"}],"about":[{"href":"https:\/\/www.demopolis.it\/index.php?rest_route=\/wp\/v2\/types\/post"}],"author":[{"embeddable":true,"href":"https:\/\/www.demopolis.it\/index.php?rest_route=\/wp\/v2\/users\/3"}],"replies":[{"embeddable":true,"href":"https:\/\/www.demopolis.it\/index.php?rest_route=%2Fwp%2Fv2%2Fcomments&post=10332"}],"version-history":[{"count":3,"href":"https:\/\/www.demopolis.it\/index.php?rest_route=\/wp\/v2\/posts\/10332\/revisions"}],"predecessor-version":[{"id":10343,"href":"https:\/\/www.demopolis.it\/index.php?rest_route=\/wp\/v2\/posts\/10332\/revisions\/10343"}],"wp:featuredmedia":[{"embeddable":true,"href":"https:\/\/www.demopolis.it\/index.php?rest_route=\/wp\/v2\/media\/10333"}],"wp:attachment":[{"href":"https:\/\/www.demopolis.it\/index.php?rest_route=%2Fwp%2Fv2%2Fmedia&parent=10332"}],"wp:term":[{"taxonomy":"category","embeddable":true,"href":"https:\/\/www.demopolis.it\/index.php?rest_route=%2Fwp%2Fv2%2Fcategories&post=10332"},{"taxonomy":"post_tag","embeddable":true,"href":"https:\/\/www.demopolis.it\/index.php?rest_route=%2Fwp%2Fv2%2Ftags&post=10332"}],"curies":[{"name":"wp","href":"https:\/\/api.w.org\/{rel}","templated":true}]}}