{"id":1140,"date":"2014-11-26T11:59:25","date_gmt":"2014-11-26T11:59:25","guid":{"rendered":"http:\/\/www.demopolis.it\/?p=1140"},"modified":"2015-04-10T17:30:37","modified_gmt":"2015-04-10T17:30:37","slug":"emilia-romagna-analisi-dei-flussi-elettorali-per-il-programma-otto-e-mezzo","status":"publish","type":"post","link":"https:\/\/www.demopolis.it\/?p=1140","title":{"rendered":"Emilia Romagna: analisi dei flussi elettorali"},"content":{"rendered":"<p>Il Partito Democratico sfiora in Emilia Romagna il 45% ed \u00e8 nettamente il primo partito, conquistando con Bonaccini la Presidenza della Regione. Ma, come quasi tutti i partiti, appare fortemente penalizzato dall\u2019astensione.<\/p>\n<p>Demopolis ha analizzato le variazioni elettorali rispetto alle pi\u00f9 recenti elezioni, le Europee del maggio scorso. Il PD ottiene 535 mila voti, perdendo 677 mila voti: il 56% dei voti assoluti conquistati sei mesi addietro. Una vera emorragia subisce anche il Movimento 5 Stelle, con una perdita del 64% dei consensi effettivi: 444 mila voti in maggio, appena 160 mila ieri.<\/p>\n<p>Secondo lo studio dei flussi elettorali, su 100 elettori che avevano votato Grillo alle Europee, appena 36 hanno confermato il proprio voto al Movimento in Emilia Romagna. In 12 hanno preferito la Lega Nord, 47 su 100 sono rimasti a casa.<\/p>\n<p>Significativa anche l\u2019analisi sul flusso del partito Democratico condotta dall\u2019Istituto diretto da Pietro Vento. Su 100 elettori che avevano votato il PD alle Europee, 44 hanno confermato il voto alle Regionali; solo 5 hanno optato per altre liste, 51 su 100 hanno scelto l\u2019astensione.<\/p>\n<p>Pesante, nell\u2019area di Centro Destra, appare intanto la fuga dei consensi da Forza Italia. Il partito di Berlusconi ottiene in Emilia Romagna appena 100 mila voti, perdendo il 63% dei voti assoluti (272 mila) conquistati nell\u2019ultima consultazione di maggio.<br \/>\nParticolarmente significativo \u00e8 il trend elettorale dei due principali partiti di Centro Destra in Emilia Romagna: Forza Italia passa dal 13% di febbraio al 9%, rilevato dal Barometro Politico Demopolis ad inizio novembre, all\u20198,4% odierno. La Lega di Salvini dal 3% di febbraio al 14% di fine ottobre. E sfiora oggi il 20%, con un clamoroso sorpasso su Forza Italia.<\/p>\n<p><a href=\"http:\/\/www.demopolis.it\/wp-content\/uploads\/2015\/03\/3_Demopolis_Regionali.jpg\"><img loading=\"lazy\" class=\"aligncenter size-full wp-image-1141\" src=\"http:\/\/www.demopolis.it\/wp-content\/uploads\/2015\/03\/3_Demopolis_Regionali.jpg\" alt=\"3_Demopolis_Regionali\" width=\"600\" height=\"315\" srcset=\"https:\/\/www.demopolis.it\/wp-content\/uploads\/2015\/03\/3_Demopolis_Regionali.jpg 600w, https:\/\/www.demopolis.it\/wp-content\/uploads\/2015\/03\/3_Demopolis_Regionali-300x158.jpg 300w\" sizes=\"(max-width: 600px) 100vw, 600px\" \/><\/a> <a href=\"http:\/\/www.demopolis.it\/wp-content\/uploads\/2015\/03\/4_Demopolis_Regionali.jpg\"><img loading=\"lazy\" class=\"aligncenter size-full wp-image-1142\" src=\"http:\/\/www.demopolis.it\/wp-content\/uploads\/2015\/03\/4_Demopolis_Regionali.jpg\" alt=\"4_Demopolis_Regionali\" width=\"600\" height=\"333\" srcset=\"https:\/\/www.demopolis.it\/wp-content\/uploads\/2015\/03\/4_Demopolis_Regionali.jpg 600w, https:\/\/www.demopolis.it\/wp-content\/uploads\/2015\/03\/4_Demopolis_Regionali-300x167.jpg 300w\" sizes=\"(max-width: 600px) 100vw, 600px\" \/><\/a> <a href=\"http:\/\/www.demopolis.it\/wp-content\/uploads\/2015\/03\/5_Demopolis_Regionali.jpg\"><img loading=\"lazy\" class=\"aligncenter size-full wp-image-1143\" src=\"http:\/\/www.demopolis.it\/wp-content\/uploads\/2015\/03\/5_Demopolis_Regionali.jpg\" alt=\"5_Demopolis_Regionali\" width=\"600\" height=\"326\" srcset=\"https:\/\/www.demopolis.it\/wp-content\/uploads\/2015\/03\/5_Demopolis_Regionali.jpg 600w, https:\/\/www.demopolis.it\/wp-content\/uploads\/2015\/03\/5_Demopolis_Regionali-300x163.jpg 300w\" sizes=\"(max-width: 600px) 100vw, 600px\" \/><\/a> <a href=\"http:\/\/www.demopolis.it\/wp-content\/uploads\/2015\/03\/6_Demopolis_Regionali.jpg\"><img loading=\"lazy\" class=\"aligncenter size-full wp-image-1144\" src=\"http:\/\/www.demopolis.it\/wp-content\/uploads\/2015\/03\/6_Demopolis_Regionali.jpg\" alt=\"6_Demopolis_Regionali\" width=\"600\" height=\"335\" srcset=\"https:\/\/www.demopolis.it\/wp-content\/uploads\/2015\/03\/6_Demopolis_Regionali.jpg 600w, https:\/\/www.demopolis.it\/wp-content\/uploads\/2015\/03\/6_Demopolis_Regionali-300x168.jpg 300w\" sizes=\"(max-width: 600px) 100vw, 600px\" \/><\/a> <a href=\"http:\/\/www.demopolis.it\/wp-content\/uploads\/2015\/03\/7_Demopolis_Regionali.jpg\"><img loading=\"lazy\" class=\"aligncenter size-full wp-image-1145\" src=\"http:\/\/www.demopolis.it\/wp-content\/uploads\/2015\/03\/7_Demopolis_Regionali.jpg\" alt=\"7_Demopolis_Regionali\" width=\"600\" height=\"318\" srcset=\"https:\/\/www.demopolis.it\/wp-content\/uploads\/2015\/03\/7_Demopolis_Regionali.jpg 600w, https:\/\/www.demopolis.it\/wp-content\/uploads\/2015\/03\/7_Demopolis_Regionali-300x159.jpg 300w\" sizes=\"(max-width: 600px) 100vw, 600px\" \/><\/a><\/p>\n<p>&nbsp;<\/p>\n<p>Nota informativa<br \/>\nL\u2019analisi \u00e8 stata condotta dall\u2019Istituto Demopolis, diretto da Pietro Vento, su un campione di 1.000 intervistati, statisticamente rappresentativo dell\u2019universo dei cittadini maggiorenni residenti in Emilia Romagna, stratificato in base al genere, alla fascia di et\u00e0, al titolo di studi ed all\u2019area di residenza. Coordinamento di Pietro Vento con la collaborazione di Giusy Montalbano e Maria Sabrina Titone. Supervisione della rilevazione demoscopica cati-cawi di Marco E. Tabacchi.<\/p>\n","protected":false},"excerpt":{"rendered":"<p>Il crollo dell\u2019affluenza in Emilia Romagna \u00e8 il dato pi\u00f9 significativo delle elezioni regionali del 23 novembre. Demopolis ha analizzato le variazioni rispetto alle pi\u00f9 recenti elezioni.<\/p>\n","protected":false},"author":3,"featured_media":1141,"comment_status":"closed","ping_status":"closed","sticky":false,"template":"","format":"standard","meta":{"ub_ctt_via":"","sfsi_plus_gutenberg_text_before_share":"","sfsi_plus_gutenberg_show_text_before_share":"","sfsi_plus_gutenberg_icon_type":"","sfsi_plus_gutenberg_icon_alignemt":"","sfsi_plus_gutenburg_max_per_row":""},"categories":[4],"tags":[],"featured_image_src":"https:\/\/www.demopolis.it\/wp-content\/uploads\/2015\/03\/3_Demopolis_Regionali.jpg","author_info":{"display_name":"Giusy Montalbano","author_link":"https:\/\/www.demopolis.it\/?author=3"},"_links":{"self":[{"href":"https:\/\/www.demopolis.it\/index.php?rest_route=\/wp\/v2\/posts\/1140"}],"collection":[{"href":"https:\/\/www.demopolis.it\/index.php?rest_route=\/wp\/v2\/posts"}],"about":[{"href":"https:\/\/www.demopolis.it\/index.php?rest_route=\/wp\/v2\/types\/post"}],"author":[{"embeddable":true,"href":"https:\/\/www.demopolis.it\/index.php?rest_route=\/wp\/v2\/users\/3"}],"replies":[{"embeddable":true,"href":"https:\/\/www.demopolis.it\/index.php?rest_route=%2Fwp%2Fv2%2Fcomments&post=1140"}],"version-history":[{"count":4,"href":"https:\/\/www.demopolis.it\/index.php?rest_route=\/wp\/v2\/posts\/1140\/revisions"}],"predecessor-version":[{"id":1780,"href":"https:\/\/www.demopolis.it\/index.php?rest_route=\/wp\/v2\/posts\/1140\/revisions\/1780"}],"wp:featuredmedia":[{"embeddable":true,"href":"https:\/\/www.demopolis.it\/index.php?rest_route=\/wp\/v2\/media\/1141"}],"wp:attachment":[{"href":"https:\/\/www.demopolis.it\/index.php?rest_route=%2Fwp%2Fv2%2Fmedia&parent=1140"}],"wp:term":[{"taxonomy":"category","embeddable":true,"href":"https:\/\/www.demopolis.it\/index.php?rest_route=%2Fwp%2Fv2%2Fcategories&post=1140"},{"taxonomy":"post_tag","embeddable":true,"href":"https:\/\/www.demopolis.it\/index.php?rest_route=%2Fwp%2Fv2%2Ftags&post=1140"}],"curies":[{"name":"wp","href":"https:\/\/api.w.org\/{rel}","templated":true}]}}