{"id":11567,"date":"2024-03-28T14:34:53","date_gmt":"2024-03-28T14:34:53","guid":{"rendered":"https:\/\/www.demopolis.it\/?p=11567"},"modified":"2024-11-13T18:33:31","modified_gmt":"2024-11-13T18:33:31","slug":"sondaggio-demopolis-militari-europei-della-nato-in-ucraina-lopzione-macron-nellopinione-degli-italiani","status":"publish","type":"post","link":"https:\/\/www.demopolis.it\/?p=11567","title":{"rendered":"Sondaggio Demopolis: militari europei della Nato in Ucraina? L\u2019opzione Macron nell\u2019opinione degli italiani"},"content":{"rendered":"\n<p>Nelle ultime settimane, \u00e8 cresciuta nell\u2019opinione pubblica la preoccupazione per la situazione internazionale: dal Mar Rosso al ritorno dell\u2019Isis con la strage a Mosca, sino alle due guerre per le quali non si intravede a breve una via d\u2019uscita. Quasi 3 italiani su 4, il 74%, guardano con favore alla recentissima risoluzione delle Nazioni Unite per una tregua nella Striscia di Gaza, nell\u2019auspicio che possa fermarsi l\u2019uccisione di civili palestinesi e che Hamas liberi gli ostaggi israeliani.<br>Il dato emerge dal sondaggio condotto dall\u2019Istituto Demopolis.<\/p>\n\n\n\n<div class=\"wp-block-image\"><figure class=\"aligncenter size-full\"><a href=\"https:\/\/www.demopolis.it\/wp-content\/uploads\/2024\/03\/Guerra_Pasqua_2024_Demopolis.001.jpeg\"><img loading=\"lazy\" width=\"1024\" height=\"576\" src=\"https:\/\/www.demopolis.it\/wp-content\/uploads\/2024\/03\/Guerra_Pasqua_2024_Demopolis.001.jpeg\" alt=\"\" class=\"wp-image-11568\" srcset=\"https:\/\/www.demopolis.it\/wp-content\/uploads\/2024\/03\/Guerra_Pasqua_2024_Demopolis.001.jpeg 1024w, https:\/\/www.demopolis.it\/wp-content\/uploads\/2024\/03\/Guerra_Pasqua_2024_Demopolis.001-300x169.jpeg 300w, https:\/\/www.demopolis.it\/wp-content\/uploads\/2024\/03\/Guerra_Pasqua_2024_Demopolis.001-768x432.jpeg 768w\" sizes=\"(max-width: 1024px) 100vw, 1024px\" \/><\/a><\/figure><\/div>\n\n\n\n<p>\u201cSull\u2019altro versante di guerra \u2013 spiega il direttore di Demopolis Pietro Vento &#8211; il 67% degli italiani dichiara di temere nei prossimi mesi un\u2019escalation del conflitto tra Russia ed Ucraina con un diretto coinvolgimento dell\u2019Europa e del nostro Paese; appena il 18% non appare preoccupato. A far crescere la tensione ha contribuito nei giorni scorsi anche la dichiarazione del Presidente francese Macron che ha sostenuto come un intervento di truppe europee nel conflitto non possa essere escluso\u201d.<\/p>\n\n\n\n<div class=\"wp-block-image\"><figure class=\"aligncenter size-full\"><a href=\"https:\/\/www.demopolis.it\/wp-content\/uploads\/2024\/03\/Guerra_Pasqua_2024_Demopolis.002.jpeg\"><img loading=\"lazy\" width=\"1024\" height=\"576\" src=\"https:\/\/www.demopolis.it\/wp-content\/uploads\/2024\/03\/Guerra_Pasqua_2024_Demopolis.002.jpeg\" alt=\"\" class=\"wp-image-11569\" srcset=\"https:\/\/www.demopolis.it\/wp-content\/uploads\/2024\/03\/Guerra_Pasqua_2024_Demopolis.002.jpeg 1024w, https:\/\/www.demopolis.it\/wp-content\/uploads\/2024\/03\/Guerra_Pasqua_2024_Demopolis.002-300x169.jpeg 300w, https:\/\/www.demopolis.it\/wp-content\/uploads\/2024\/03\/Guerra_Pasqua_2024_Demopolis.002-768x432.jpeg 768w\" sizes=\"(max-width: 1024px) 100vw, 1024px\" \/><\/a><\/figure><\/div>\n\n\n\n<p>L\u2019opzione di un invio di militari della Nato a Kiev \u00e8 ritenuta sbagliata dall\u201985% degli italiani, convinti che una scelta di questo tipo porterebbe ad una terza guerra mondiale. La contrariet\u00e0 risulta trasversale in tutti gli schieramenti politici.<\/p>\n\n\n\n<div class=\"wp-block-image\"><figure class=\"aligncenter size-full\"><a href=\"https:\/\/www.demopolis.it\/wp-content\/uploads\/2024\/03\/Guerra_Pasqua_2024_Demopolis.003.jpeg\"><img loading=\"lazy\" width=\"1024\" height=\"576\" src=\"https:\/\/www.demopolis.it\/wp-content\/uploads\/2024\/03\/Guerra_Pasqua_2024_Demopolis.003.jpeg\" alt=\"\" class=\"wp-image-11570\" srcset=\"https:\/\/www.demopolis.it\/wp-content\/uploads\/2024\/03\/Guerra_Pasqua_2024_Demopolis.003.jpeg 1024w, https:\/\/www.demopolis.it\/wp-content\/uploads\/2024\/03\/Guerra_Pasqua_2024_Demopolis.003-300x169.jpeg 300w, https:\/\/www.demopolis.it\/wp-content\/uploads\/2024\/03\/Guerra_Pasqua_2024_Demopolis.003-768x432.jpeg 768w\" sizes=\"(max-width: 1024px) 100vw, 1024px\" \/><\/a><\/figure><\/div>\n\n\n\n<p>Il dato dell\u201985%, rilevato in Italia dall\u2019Istituto Demopolis, \u00e8 pi\u00f9 netto rispetto ad altri Paesi europei, nei quali comunque la contrariet\u00e0 all\u2019ipotesi avanzata da Macron non lascia dubbi: contrari all\u2019invio di militari in Ucraina sono il 76% dei tedeschi, ma anche il 74% dei francesi.<\/p>\n\n\n\n<div class=\"wp-block-image\"><figure class=\"aligncenter size-full\"><a href=\"https:\/\/www.demopolis.it\/wp-content\/uploads\/2024\/03\/Guerra_Pasqua_2024_Demopolis.004.jpeg\"><img loading=\"lazy\" width=\"1024\" height=\"576\" src=\"https:\/\/www.demopolis.it\/wp-content\/uploads\/2024\/03\/Guerra_Pasqua_2024_Demopolis.004.jpeg\" alt=\"\" class=\"wp-image-11571\" srcset=\"https:\/\/www.demopolis.it\/wp-content\/uploads\/2024\/03\/Guerra_Pasqua_2024_Demopolis.004.jpeg 1024w, https:\/\/www.demopolis.it\/wp-content\/uploads\/2024\/03\/Guerra_Pasqua_2024_Demopolis.004-300x169.jpeg 300w, https:\/\/www.demopolis.it\/wp-content\/uploads\/2024\/03\/Guerra_Pasqua_2024_Demopolis.004-768x432.jpeg 768w\" sizes=\"(max-width: 1024px) 100vw, 1024px\" \/><\/a><\/figure><\/div>\n\n\n\n<p><\/p>\n\n\n\n<p><\/p>\n","protected":false},"excerpt":{"rendered":"<p>Nelle ultime settimane, \u00e8 cresciuta nell\u2019opinione pubblica la preoccupazione per la situazione internazionale: dal Mar Rosso al ritorno dell\u2019Isis con la strage a Mosca, sino alle due guerre per le quali non si intravede a breve una via d\u2019uscita. Quasi 3 italiani su 4 guardano con favore alla risoluzione delle Nazioni Unite per una tregua nella Striscia di Gaza.<br \/>\nSull\u2019altro versante di guerra il 67% degli italiani dichiara di temere nei prossimi mesi un\u2019escalation del conflitto tra Russia ed Ucraina con un diretto coinvolgimento dell\u2019Europa e del nostro Paese. A far crescere la tensione ha contribuito nei giorni scorsi anche la dichiarazione del Presidente francese Macron che ha sostenuto come un intervento di truppe europee nel conflitto non possa essere escluso.<\/p>\n","protected":false},"author":3,"featured_media":11569,"comment_status":"closed","ping_status":"closed","sticky":false,"template":"","format":"standard","meta":{"ub_ctt_via":"","sfsi_plus_gutenberg_text_before_share":"","sfsi_plus_gutenberg_show_text_before_share":"","sfsi_plus_gutenberg_icon_type":"","sfsi_plus_gutenberg_icon_alignemt":"","sfsi_plus_gutenburg_max_per_row":""},"categories":[5],"tags":[],"featured_image_src":"https:\/\/www.demopolis.it\/wp-content\/uploads\/2024\/03\/Guerra_Pasqua_2024_Demopolis.002.jpeg","author_info":{"display_name":"Giusy Montalbano","author_link":"https:\/\/www.demopolis.it\/?author=3"},"_links":{"self":[{"href":"https:\/\/www.demopolis.it\/index.php?rest_route=\/wp\/v2\/posts\/11567"}],"collection":[{"href":"https:\/\/www.demopolis.it\/index.php?rest_route=\/wp\/v2\/posts"}],"about":[{"href":"https:\/\/www.demopolis.it\/index.php?rest_route=\/wp\/v2\/types\/post"}],"author":[{"embeddable":true,"href":"https:\/\/www.demopolis.it\/index.php?rest_route=\/wp\/v2\/users\/3"}],"replies":[{"embeddable":true,"href":"https:\/\/www.demopolis.it\/index.php?rest_route=%2Fwp%2Fv2%2Fcomments&post=11567"}],"version-history":[{"count":2,"href":"https:\/\/www.demopolis.it\/index.php?rest_route=\/wp\/v2\/posts\/11567\/revisions"}],"predecessor-version":[{"id":11593,"href":"https:\/\/www.demopolis.it\/index.php?rest_route=\/wp\/v2\/posts\/11567\/revisions\/11593"}],"wp:featuredmedia":[{"embeddable":true,"href":"https:\/\/www.demopolis.it\/index.php?rest_route=\/wp\/v2\/media\/11569"}],"wp:attachment":[{"href":"https:\/\/www.demopolis.it\/index.php?rest_route=%2Fwp%2Fv2%2Fmedia&parent=11567"}],"wp:term":[{"taxonomy":"category","embeddable":true,"href":"https:\/\/www.demopolis.it\/index.php?rest_route=%2Fwp%2Fv2%2Fcategories&post=11567"},{"taxonomy":"post_tag","embeddable":true,"href":"https:\/\/www.demopolis.it\/index.php?rest_route=%2Fwp%2Fv2%2Ftags&post=11567"}],"curies":[{"name":"wp","href":"https:\/\/api.w.org\/{rel}","templated":true}]}}