{"id":12060,"date":"2025-07-04T18:59:00","date_gmt":"2025-07-04T18:59:00","guid":{"rendered":"https:\/\/www.demopolis.it\/?p=12060"},"modified":"2025-12-19T15:59:51","modified_gmt":"2025-12-19T15:59:51","slug":"adolescenti-in-italia-che-cosa-dicono-gli-under-18-che-cosa-pensano-gli-adulti","status":"publish","type":"post","link":"https:\/\/www.demopolis.it\/?p=12060","title":{"rendered":"Adolescenti in Italia: che cosa dicono gli under 18, che cosa pensano gli adulti"},"content":{"rendered":"\n<p>Il 58% degli under 18 italiani dichiara che gli adulti capiscono sempre meno i ragazzi: un dato in crescita nell\u2019ultimo biennio. Il confronto intergenerazionale \u00e8 complicato da sempre: ma nell\u2019ascolto di genitori ed adolescenti di oggi si scopre qualcosa di diverso rispetto ai divari che caratterizzavano le passate generazioni.<\/p>\n\n\n\n<div class=\"wp-block-image\"><figure class=\"aligncenter size-full\"><a href=\"https:\/\/www.demopolis.it\/wp-content\/uploads\/2024\/11\/5.001.jpeg\"><img loading=\"lazy\" width=\"1024\" height=\"576\" src=\"https:\/\/www.demopolis.it\/wp-content\/uploads\/2024\/11\/5.001.jpeg\" alt=\"\" class=\"wp-image-12062\" srcset=\"https:\/\/www.demopolis.it\/wp-content\/uploads\/2024\/11\/5.001.jpeg 1024w, https:\/\/www.demopolis.it\/wp-content\/uploads\/2024\/11\/5.001-300x169.jpeg 300w, https:\/\/www.demopolis.it\/wp-content\/uploads\/2024\/11\/5.001-768x432.jpeg 768w\" sizes=\"(max-width: 1024px) 100vw, 1024px\" \/><\/a><\/figure><\/div>\n\n\n\n<p>3 adolescenti su 10 trascorrono online pi\u00f9 di 10 ore al giorno; quasi il 40% fra 5 e 10 ore. E proprio la variabile \u201cInternet e Social\u201d, che \u00e8 misteriosa per i non \u201cnativi digitali\u201d, dilata le distanze di pensiero fra le generazioni: per l\u201984% dei genitori, quella da \u201cweb e smartphone\u201d \u00e8 una pericolosa dipendenza e per loro \u00e8 la prima preoccupazione; ma solo il 22% dei ragazzi ravvede un rischio.<\/p>\n\n\n\n<div class=\"wp-block-image\"><figure class=\"aligncenter size-full\"><a href=\"https:\/\/www.demopolis.it\/wp-content\/uploads\/2024\/11\/10.001.jpeg\"><img loading=\"lazy\" width=\"1024\" height=\"576\" src=\"https:\/\/www.demopolis.it\/wp-content\/uploads\/2024\/11\/10.001.jpeg\" alt=\"\" class=\"wp-image-12064\" srcset=\"https:\/\/www.demopolis.it\/wp-content\/uploads\/2024\/11\/10.001.jpeg 1024w, https:\/\/www.demopolis.it\/wp-content\/uploads\/2024\/11\/10.001-300x169.jpeg 300w, https:\/\/www.demopolis.it\/wp-content\/uploads\/2024\/11\/10.001-768x432.jpeg 768w\" sizes=\"(max-width: 1024px) 100vw, 1024px\" \/><\/a><\/figure><\/div>\n\n\n\n<div class=\"wp-block-image\"><figure class=\"aligncenter size-full\"><a href=\"https:\/\/www.demopolis.it\/wp-content\/uploads\/2024\/11\/12.001.jpeg\"><img loading=\"lazy\" width=\"1024\" height=\"576\" src=\"https:\/\/www.demopolis.it\/wp-content\/uploads\/2024\/11\/12.001.jpeg\" alt=\"\" class=\"wp-image-12065\" srcset=\"https:\/\/www.demopolis.it\/wp-content\/uploads\/2024\/11\/12.001.jpeg 1024w, https:\/\/www.demopolis.it\/wp-content\/uploads\/2024\/11\/12.001-300x169.jpeg 300w, https:\/\/www.demopolis.it\/wp-content\/uploads\/2024\/11\/12.001-768x432.jpeg 768w\" sizes=\"(max-width: 1024px) 100vw, 1024px\" \/><\/a><\/figure><\/div>\n\n\n\n<p>Sono alcuni dei dati emersi dalla ricerca condotta dall\u2019Istituto Demopolis per l\u2019impresa Sociale Con i Bambini, i cui risultati sono stati presentati a Roma alla Biblioteca Nazionale.<\/p>\n\n\n\n<p>\u201cLa ricerca \u2013 spiega il direttore dell\u2019Istituto Demopolis Pietro Vento \u2013 ha focalizzato le differenti prospettive sulla quotidianit\u00e0 e sul futuro di adolescenti e genitori. Dall\u2019ascolto diretto degli under 18 e delle famiglie emergono molte dimensioni inattese: a partire dallo sguardo sul futuro, con lo schiacciante pessimismo dei genitori sul futuro dei ragazzi (73%) cui fa da controcanto l\u2019ottimismo dei giovani, prevalente ma non plebiscitario: oggi, si dichiara ottimista il 45%\u201d.<\/p>\n\n\n\n<div class=\"wp-block-image\"><figure class=\"aligncenter size-full\"><a href=\"https:\/\/www.demopolis.it\/wp-content\/uploads\/2024\/11\/8.001.jpeg\"><img loading=\"lazy\" width=\"1024\" height=\"576\" src=\"https:\/\/www.demopolis.it\/wp-content\/uploads\/2024\/11\/8.001.jpeg\" alt=\"\" class=\"wp-image-12063\" srcset=\"https:\/\/www.demopolis.it\/wp-content\/uploads\/2024\/11\/8.001.jpeg 1024w, https:\/\/www.demopolis.it\/wp-content\/uploads\/2024\/11\/8.001-300x169.jpeg 300w, https:\/\/www.demopolis.it\/wp-content\/uploads\/2024\/11\/8.001-768x432.jpeg 768w\" sizes=\"(max-width: 1024px) 100vw, 1024px\" \/><\/a><\/figure><\/div>\n\n\n\n<p>Della vita dei figli i genitori conoscono il rendimento scolastico, 1 su 2 come trascorrono il tempo fuori casa. Gli adulti \u2013 affermano gli adolescenti intervistati da Demopolis &#8211; non conoscono le loro paure, non sanno se loro hanno o meno il ragazzo. E, dati ancora pi\u00f9 significativi, il 70% dei genitori non ha idea di che cosa facciano online, n\u00e9 \u2013 lo afferma il 75% &#8211; se facciano o meno uso di alcool quando escono.<\/p>\n\n\n\n<div class=\"wp-block-image\"><figure class=\"aligncenter size-full\"><a href=\"https:\/\/www.demopolis.it\/wp-content\/uploads\/2024\/11\/26-27.001.jpeg\"><img loading=\"lazy\" width=\"1024\" height=\"576\" src=\"https:\/\/www.demopolis.it\/wp-content\/uploads\/2024\/11\/26-27.001.jpeg\" alt=\"\" class=\"wp-image-12066\" srcset=\"https:\/\/www.demopolis.it\/wp-content\/uploads\/2024\/11\/26-27.001.jpeg 1024w, https:\/\/www.demopolis.it\/wp-content\/uploads\/2024\/11\/26-27.001-300x169.jpeg 300w, https:\/\/www.demopolis.it\/wp-content\/uploads\/2024\/11\/26-27.001-768x432.jpeg 768w\" sizes=\"(max-width: 1024px) 100vw, 1024px\" \/><\/a><\/figure><\/div>\n\n\n\n<p>Se si chiede ai ragazzi di indicare i timori che avvertono durante il tempo libero fuori casa, il 38% racconta la paura di essere vittima di episodi di violenza o bullismo, dato che fra le ragazze supera la maggioranza assoluta di citazioni (55%). Lo stesso timore \u00e8 espresso dai genitori di figli adolescenti, ma con dati assai pi\u00f9 marcati: \u00e8 del 73% la percentuale di quanti temono che i figli possano subire violenza.<\/p>\n\n\n\n<div class=\"wp-block-image\"><figure class=\"aligncenter size-full\"><a href=\"https:\/\/www.demopolis.it\/wp-content\/uploads\/2024\/11\/26-27.002.jpeg\"><img loading=\"lazy\" width=\"1024\" height=\"576\" src=\"https:\/\/www.demopolis.it\/wp-content\/uploads\/2024\/11\/26-27.002.jpeg\" alt=\"\" class=\"wp-image-12067\" srcset=\"https:\/\/www.demopolis.it\/wp-content\/uploads\/2024\/11\/26-27.002.jpeg 1024w, https:\/\/www.demopolis.it\/wp-content\/uploads\/2024\/11\/26-27.002-300x169.jpeg 300w, https:\/\/www.demopolis.it\/wp-content\/uploads\/2024\/11\/26-27.002-768x432.jpeg 768w\" sizes=\"(max-width: 1024px) 100vw, 1024px\" \/><\/a><\/figure><\/div>\n\n\n\n<p>Secondo le risultanze della parallela indagine Demopolis-Con i Bambini sulla povert\u00e0 educativa minorile, condotta sull\u2019intera popolazione italiana, oggi in Italia sono ritenuti inadeguati da oltre l\u201980% degli intervistati i servizi sociali e le occasioni di apprendimento extrascolastico, ma &#8211; per il 59% &#8211; sono oggi inadeguate anche le scuole. Le citt\u00e0 italiane non sono affatto a misura di minori.<\/p>\n\n\n\n<div class=\"wp-block-image\"><figure class=\"aligncenter size-full\"><a href=\"https:\/\/www.demopolis.it\/wp-content\/uploads\/2024\/11\/30.001.jpeg\"><img loading=\"lazy\" width=\"1024\" height=\"576\" src=\"https:\/\/www.demopolis.it\/wp-content\/uploads\/2024\/11\/30.001.jpeg\" alt=\"\" class=\"wp-image-12068\" srcset=\"https:\/\/www.demopolis.it\/wp-content\/uploads\/2024\/11\/30.001.jpeg 1024w, https:\/\/www.demopolis.it\/wp-content\/uploads\/2024\/11\/30.001-300x169.jpeg 300w, https:\/\/www.demopolis.it\/wp-content\/uploads\/2024\/11\/30.001-768x432.jpeg 768w\" sizes=\"(max-width: 1024px) 100vw, 1024px\" \/><\/a><\/figure><\/div>\n\n\n\n<p><\/p>\n\n\n\n<p><\/p>\n\n\n\n<p>Nota informativa sull\u2019indagine Demopolis &#8211; Con i Bambini: metodologia e campioni di ricerca demoscopica<br>L\u2019indagine \u00e8 stata condotta dall\u2019Istituto Demopolis, diretto da Pietro Vento, per l\u2019impresa sociale Con i Bambini, nell\u2019ambito del Fondo per il contrasto della povert\u00e0 educativa minorile, su un campione nazionale stratificato di 4.080 intervistati, statisticamente rappresentativo dell\u2019universo della popolazione italiana maggiorenne. Le rilevazioni quantitative, precedute da un\u2019ampia fase di colloqui aperti qualitativi, sono state realizzate con modalit\u00e0 integrate cawi-cati-cami dal 21 ottobre al 4 novembre 2024.<br>Coordinamento della ricerca a cura di Pietro Vento, con la collaborazione di Giusy Montalbano e Maria Sabrina Titone. Supervisione della rilevazione di Marco E. Tabacchi.<\/p>\n","protected":false},"excerpt":{"rendered":"<p>Il 58% degli under 18 italiani dichiara che gli adulti capiscono sempre meno i ragazzi: un dato in crescita nell\u2019ultimo biennio: \u00e8 uno dei dati emersi dalla ricerca condotta dall\u2019Istituto Demopolis per l\u2019impresa Sociale Con i Bambini, i cui risultati sono stati presentati a Roma alla Biblioteca Nazionale.<br \/>\n\u201cLa ricerca \u2013 spiega il direttore dell\u2019Istituto Demopolis Pietro Vento \u2013 ha focalizzato le differenti prospettive sulla quotidianit\u00e0 e sul futuro di adolescenti e genitori. Dall\u2019ascolto diretto degli under 18 e delle famiglie emergono molte dimensioni inattese: a partire dallo sguardo sul futuro, con lo schiacciante pessimismo dei genitori sul futuro dei ragazzi (73%) cui fa da controcanto l\u2019ottimismo dei giovani, prevalente ma non plebiscitario: oggi, si dichiara ottimista il 45%\u201d.<\/p>\n","protected":false},"author":3,"featured_media":12061,"comment_status":"closed","ping_status":"closed","sticky":false,"template":"","format":"standard","meta":{"ub_ctt_via":"","sfsi_plus_gutenberg_text_before_share":"","sfsi_plus_gutenberg_show_text_before_share":"","sfsi_plus_gutenberg_icon_type":"","sfsi_plus_gutenberg_icon_alignemt":"","sfsi_plus_gutenburg_max_per_row":""},"categories":[5],"tags":[],"featured_image_src":"https:\/\/www.demopolis.it\/wp-content\/uploads\/2024\/11\/Demopolis_ConiBambini_2024.jpg","author_info":{"display_name":"Giusy Montalbano","author_link":"https:\/\/www.demopolis.it\/?author=3"},"_links":{"self":[{"href":"https:\/\/www.demopolis.it\/index.php?rest_route=\/wp\/v2\/posts\/12060"}],"collection":[{"href":"https:\/\/www.demopolis.it\/index.php?rest_route=\/wp\/v2\/posts"}],"about":[{"href":"https:\/\/www.demopolis.it\/index.php?rest_route=\/wp\/v2\/types\/post"}],"author":[{"embeddable":true,"href":"https:\/\/www.demopolis.it\/index.php?rest_route=\/wp\/v2\/users\/3"}],"replies":[{"embeddable":true,"href":"https:\/\/www.demopolis.it\/index.php?rest_route=%2Fwp%2Fv2%2Fcomments&post=12060"}],"version-history":[{"count":3,"href":"https:\/\/www.demopolis.it\/index.php?rest_route=\/wp\/v2\/posts\/12060\/revisions"}],"predecessor-version":[{"id":12079,"href":"https:\/\/www.demopolis.it\/index.php?rest_route=\/wp\/v2\/posts\/12060\/revisions\/12079"}],"wp:featuredmedia":[{"embeddable":true,"href":"https:\/\/www.demopolis.it\/index.php?rest_route=\/wp\/v2\/media\/12061"}],"wp:attachment":[{"href":"https:\/\/www.demopolis.it\/index.php?rest_route=%2Fwp%2Fv2%2Fmedia&parent=12060"}],"wp:term":[{"taxonomy":"category","embeddable":true,"href":"https:\/\/www.demopolis.it\/index.php?rest_route=%2Fwp%2Fv2%2Fcategories&post=12060"},{"taxonomy":"post_tag","embeddable":true,"href":"https:\/\/www.demopolis.it\/index.php?rest_route=%2Fwp%2Fv2%2Ftags&post=12060"}],"curies":[{"name":"wp","href":"https:\/\/api.w.org\/{rel}","templated":true}]}}