{"id":12375,"date":"2025-02-20T12:14:00","date_gmt":"2025-02-20T12:14:00","guid":{"rendered":"https:\/\/www.demopolis.it\/?p=12375"},"modified":"2026-03-28T16:25:10","modified_gmt":"2026-03-28T16:25:10","slug":"il-futuro-di-chi-spopolamento-e-priorita-emergenti-nellindagine-demopolis-promossa-da-fondazione-con-il-sud","status":"publish","type":"post","link":"https:\/\/www.demopolis.it\/?p=12375","title":{"rendered":"Il futuro di chi? Spopolamento e priorit\u00e0 emergenti nell\u2019indagine Demopolis promossa da Fondazione Con il Sud"},"content":{"rendered":"\n<p>La riduzione delle nascite e l\u2019invecchiamento non mitigato della popolazione rappresentano &#8211; nella percezione dell\u2019opinione pubblica &#8211; una vera e propria emergenza. 6 italiani su 10 ritengono che oggi lo spopolamento del Paese sia un fenomeno da affrontare prioritariamente.<br>Gli indici di preoccupazione pi\u00f9 marcati si rilevano soprattutto, raggiungendo il 68%, nel Sud e nelle Isole, che temono oggi lo spopolamento pi\u00f9 del resto d\u2019Italia: l\u2019inverno demografico rischia di essere pi\u00f9 rigido per il Mezzogiorno.<\/p>\n\n\n\n<p>Sono alcuni dei dati emersi dall\u2019indagine promossa da Fondazione Con il Sud e realizzata dall\u2019Istituto Demopolis, che ha analizzato percezioni e consapevolezze dell\u2019opinione pubblica nazionale sulle priorit\u00e0 emergenti e sulle dimensioni pi\u00f9 problematiche che gravano sul futuro del Paese.<br>Se ne \u00e8 discusso nel corso di un evento tenutosi a Roma al Cinema Barberini nel corso del quale \u00e8 stato presentato il piano triennale 2025-2027 delle attivit\u00e0 di Fondazione Con il Sud, con un focus sul ruolo del Terzo Settore e del privato sociale.<\/p>\n\n\n\n<div class=\"wp-block-image\"><figure class=\"aligncenter size-full\"><a href=\"https:\/\/www.demopolis.it\/wp-content\/uploads\/2025\/03\/Demopolis_FondazioneSud.001.jpeg\"><img loading=\"lazy\" width=\"1024\" height=\"576\" src=\"https:\/\/www.demopolis.it\/wp-content\/uploads\/2025\/03\/Demopolis_FondazioneSud.001.jpeg\" alt=\"\" class=\"wp-image-12376\" srcset=\"https:\/\/www.demopolis.it\/wp-content\/uploads\/2025\/03\/Demopolis_FondazioneSud.001.jpeg 1024w, https:\/\/www.demopolis.it\/wp-content\/uploads\/2025\/03\/Demopolis_FondazioneSud.001-300x169.jpeg 300w, https:\/\/www.demopolis.it\/wp-content\/uploads\/2025\/03\/Demopolis_FondazioneSud.001-768x432.jpeg 768w\" sizes=\"(max-width: 1024px) 100vw, 1024px\" \/><\/a><\/figure><\/div>\n\n\n\n<div class=\"wp-block-image\"><figure class=\"aligncenter size-full\"><a href=\"https:\/\/www.demopolis.it\/wp-content\/uploads\/2025\/03\/Demopolis_FondazioneSud.002.jpeg\"><img loading=\"lazy\" width=\"1024\" height=\"576\" src=\"https:\/\/www.demopolis.it\/wp-content\/uploads\/2025\/03\/Demopolis_FondazioneSud.002.jpeg\" alt=\"\" class=\"wp-image-12377\" srcset=\"https:\/\/www.demopolis.it\/wp-content\/uploads\/2025\/03\/Demopolis_FondazioneSud.002.jpeg 1024w, https:\/\/www.demopolis.it\/wp-content\/uploads\/2025\/03\/Demopolis_FondazioneSud.002-300x169.jpeg 300w, https:\/\/www.demopolis.it\/wp-content\/uploads\/2025\/03\/Demopolis_FondazioneSud.002-768x432.jpeg 768w\" sizes=\"(max-width: 1024px) 100vw, 1024px\" \/><\/a><\/figure><\/div>\n\n\n\n<p><\/p>\n\n\n\n<p>Nell\u2019ultimo biennio il Mezzogiorno \u00e8 cresciuto percentualmente \u2013 in termini di PIL \u2013 pi\u00f9 delle regioni del Centro Nord, ma la qualit\u00e0 della vita non \u00e8 migliorata. Per l\u201983% degli italiani il divario fra chi risiede nelle regioni del Centro-Nord e chi vive nel Sud nel Paese \u00e8 oggi soprattutto un divario di cittadinanza.<\/p>\n\n\n\n<div class=\"wp-block-image\"><figure class=\"aligncenter size-full\"><a href=\"https:\/\/www.demopolis.it\/wp-content\/uploads\/2025\/03\/Demopolis_FondazioneSud.004.jpeg\"><img loading=\"lazy\" width=\"1024\" height=\"576\" src=\"https:\/\/www.demopolis.it\/wp-content\/uploads\/2025\/03\/Demopolis_FondazioneSud.004.jpeg\" alt=\"\" class=\"wp-image-12379\" srcset=\"https:\/\/www.demopolis.it\/wp-content\/uploads\/2025\/03\/Demopolis_FondazioneSud.004.jpeg 1024w, https:\/\/www.demopolis.it\/wp-content\/uploads\/2025\/03\/Demopolis_FondazioneSud.004-300x169.jpeg 300w, https:\/\/www.demopolis.it\/wp-content\/uploads\/2025\/03\/Demopolis_FondazioneSud.004-768x432.jpeg 768w\" sizes=\"(max-width: 1024px) 100vw, 1024px\" \/><\/a><\/figure><\/div>\n\n\n\n<div class=\"wp-block-image\"><figure class=\"aligncenter size-full\"><a href=\"https:\/\/www.demopolis.it\/wp-content\/uploads\/2025\/03\/Demopolis_FondazioneSud.005.jpeg\"><img loading=\"lazy\" width=\"1024\" height=\"576\" src=\"https:\/\/www.demopolis.it\/wp-content\/uploads\/2025\/03\/Demopolis_FondazioneSud.005.jpeg\" alt=\"\" class=\"wp-image-12380\" srcset=\"https:\/\/www.demopolis.it\/wp-content\/uploads\/2025\/03\/Demopolis_FondazioneSud.005.jpeg 1024w, https:\/\/www.demopolis.it\/wp-content\/uploads\/2025\/03\/Demopolis_FondazioneSud.005-300x169.jpeg 300w, https:\/\/www.demopolis.it\/wp-content\/uploads\/2025\/03\/Demopolis_FondazioneSud.005-768x432.jpeg 768w\" sizes=\"(max-width: 1024px) 100vw, 1024px\" \/><\/a><\/figure><\/div>\n\n\n\n<p>Nette restano le differenze territoriali, ad esempio nella qualit\u00e0 di welfare e servizi pubblici. Promossi nelle regioni del Mezzogiorno solo dal 40%, 27 punti in meno \u2013 secondo i dati Demopolis &#8211; rispetto al Nord del Paese, dove vengono valutati positivamente dal 67% dei residenti.<\/p>\n\n\n\n<div class=\"wp-block-image\"><figure class=\"aligncenter size-full\"><a href=\"https:\/\/www.demopolis.it\/wp-content\/uploads\/2025\/03\/Demopolis_FondazioneSud.006.jpeg\"><img loading=\"lazy\" width=\"1024\" height=\"576\" src=\"https:\/\/www.demopolis.it\/wp-content\/uploads\/2025\/03\/Demopolis_FondazioneSud.006.jpeg\" alt=\"\" class=\"wp-image-12381\" srcset=\"https:\/\/www.demopolis.it\/wp-content\/uploads\/2025\/03\/Demopolis_FondazioneSud.006.jpeg 1024w, https:\/\/www.demopolis.it\/wp-content\/uploads\/2025\/03\/Demopolis_FondazioneSud.006-300x169.jpeg 300w, https:\/\/www.demopolis.it\/wp-content\/uploads\/2025\/03\/Demopolis_FondazioneSud.006-768x432.jpeg 768w\" sizes=\"(max-width: 1024px) 100vw, 1024px\" \/><\/a><\/figure><\/div>\n\n\n\n<p>In questo contesto si conferma rilevante in Italia il valore e l\u2019operato del Terzo settore. Il 61% dei cittadini, intervistati dall\u2019Istituto Demopolis, riconosce l\u2019importanza dell&#8217;azione delle organizzazioni no profit per favorire la coesione sociale e lo sviluppo dei territori.<\/p>\n\n\n\n<div class=\"wp-block-image\"><figure class=\"aligncenter size-full\"><a href=\"https:\/\/www.demopolis.it\/wp-content\/uploads\/2025\/03\/Demopolis_FondazioneSud.007.jpeg\"><img loading=\"lazy\" width=\"1024\" height=\"576\" src=\"https:\/\/www.demopolis.it\/wp-content\/uploads\/2025\/03\/Demopolis_FondazioneSud.007.jpeg\" alt=\"\" class=\"wp-image-12382\" srcset=\"https:\/\/www.demopolis.it\/wp-content\/uploads\/2025\/03\/Demopolis_FondazioneSud.007.jpeg 1024w, https:\/\/www.demopolis.it\/wp-content\/uploads\/2025\/03\/Demopolis_FondazioneSud.007-300x169.jpeg 300w, https:\/\/www.demopolis.it\/wp-content\/uploads\/2025\/03\/Demopolis_FondazioneSud.007-768x432.jpeg 768w\" sizes=\"(max-width: 1024px) 100vw, 1024px\" \/><\/a><\/figure><\/div>\n\n\n\n<p>Marzo 2025<\/p>\n","protected":false},"excerpt":{"rendered":"<p>La riduzione delle nascite e l\u2019invecchiamento non mitigato della popolazione rappresentano &#8211; nella percezione dell\u2019opinione pubblica &#8211; una vera e propria emergenza. 6 italiani su 10 ritengono che oggi lo spopolamento del Paese sia un fenomeno da affrontare prioritariamente. Gli indici di preoccupazione pi\u00f9 marcati si rilevano soprattutto, raggiungendo il 68%, nel Sud e nelle Isole, che temono oggi lo spopolamento pi\u00f9 del resto d\u2019Italia: l\u2019inverno demografico rischia di essere pi\u00f9 rigido per il Mezzogiorno.<br \/>\nSono alcuni dei dati emersi dall\u2019indagine promossa da Fondazione Con il Sud e realizzata dall\u2019Istituto Demopolis.<\/p>\n","protected":false},"author":3,"featured_media":12376,"comment_status":"closed","ping_status":"closed","sticky":false,"template":"","format":"standard","meta":{"ub_ctt_via":"","sfsi_plus_gutenberg_text_before_share":"","sfsi_plus_gutenberg_show_text_before_share":"","sfsi_plus_gutenberg_icon_type":"","sfsi_plus_gutenberg_icon_alignemt":"","sfsi_plus_gutenburg_max_per_row":""},"categories":[5],"tags":[],"featured_image_src":"https:\/\/www.demopolis.it\/wp-content\/uploads\/2025\/03\/Demopolis_FondazioneSud.001.jpeg","author_info":{"display_name":"Giusy Montalbano","author_link":"https:\/\/www.demopolis.it\/?author=3"},"_links":{"self":[{"href":"https:\/\/www.demopolis.it\/index.php?rest_route=\/wp\/v2\/posts\/12375"}],"collection":[{"href":"https:\/\/www.demopolis.it\/index.php?rest_route=\/wp\/v2\/posts"}],"about":[{"href":"https:\/\/www.demopolis.it\/index.php?rest_route=\/wp\/v2\/types\/post"}],"author":[{"embeddable":true,"href":"https:\/\/www.demopolis.it\/index.php?rest_route=\/wp\/v2\/users\/3"}],"replies":[{"embeddable":true,"href":"https:\/\/www.demopolis.it\/index.php?rest_route=%2Fwp%2Fv2%2Fcomments&post=12375"}],"version-history":[{"count":4,"href":"https:\/\/www.demopolis.it\/index.php?rest_route=\/wp\/v2\/posts\/12375\/revisions"}],"predecessor-version":[{"id":12552,"href":"https:\/\/www.demopolis.it\/index.php?rest_route=\/wp\/v2\/posts\/12375\/revisions\/12552"}],"wp:featuredmedia":[{"embeddable":true,"href":"https:\/\/www.demopolis.it\/index.php?rest_route=\/wp\/v2\/media\/12376"}],"wp:attachment":[{"href":"https:\/\/www.demopolis.it\/index.php?rest_route=%2Fwp%2Fv2%2Fmedia&parent=12375"}],"wp:term":[{"taxonomy":"category","embeddable":true,"href":"https:\/\/www.demopolis.it\/index.php?rest_route=%2Fwp%2Fv2%2Fcategories&post=12375"},{"taxonomy":"post_tag","embeddable":true,"href":"https:\/\/www.demopolis.it\/index.php?rest_route=%2Fwp%2Fv2%2Ftags&post=12375"}],"curies":[{"name":"wp","href":"https:\/\/api.w.org\/{rel}","templated":true}]}}