{"id":5294,"date":"2018-06-06T17:22:21","date_gmt":"2018-06-06T17:22:21","guid":{"rendered":"http:\/\/www.demopolis.it\/?p=5294"},"modified":"2018-08-09T17:38:49","modified_gmt":"2018-08-09T17:38:49","slug":"demopolis-il-nuovo-premier-conte-ed-il-programma-di-governo-m5s-lega-nellopinione-degli-italiani","status":"publish","type":"post","link":"https:\/\/www.demopolis.it\/?p=5294","title":{"rendered":"Demopolis: il nuovo Premier Conte ed il programma di Governo M5S-Lega nell\u2019opinione degli italiani"},"content":{"rendered":"<div class=\"\">\n<div class=\"\">\n<div class=\"\">\n<div class=\"\">\n<div class=\"\"><span class=\"\">Il 46% degli italiani vede positivamente il prof. Giuseppe Conte nel ruolo di Presidente del Consiglio. Di parere differente \u00e8 il 29%, mentre 1 italiano su 4 ritiene che sia ancora troppo presto per esprimere un\u2019opinione. \u00c8 uno dei dati dell\u2019indagine realizzata dall\u2019Istituto Demopolis, diretto da Pietro Vento, dopo il primo discorso in Parlamento del nuovo Premier.<br \/>\n<a href=\"http:\/\/www.demopolis.it\/wp-content\/uploads\/2018\/06\/1.GovernoConte_7Giugno.jpg\"><img loading=\"lazy\" class=\"alignnone size-full wp-image-5295\" src=\"http:\/\/www.demopolis.it\/wp-content\/uploads\/2018\/06\/1.GovernoConte_7Giugno.jpg\" alt=\"\" width=\"800\" height=\"456\" srcset=\"https:\/\/www.demopolis.it\/wp-content\/uploads\/2018\/06\/1.GovernoConte_7Giugno.jpg 800w, https:\/\/www.demopolis.it\/wp-content\/uploads\/2018\/06\/1.GovernoConte_7Giugno-300x171.jpg 300w, https:\/\/www.demopolis.it\/wp-content\/uploads\/2018\/06\/1.GovernoConte_7Giugno-768x438.jpg 768w\" sizes=\"(max-width: 800px) 100vw, 800px\" \/><\/a><br \/>\n<\/span><\/div>\n<div class=\"\"><span class=\"\">\u00a0<\/span><\/div>\n<div class=\"\"><span class=\"\">Poco pi\u00f9 di 2 settimane addietro, nel giorno della proposta della sua nomina, Conte risultava noto ad appena il 3% degli italiani. Il dato cresce al 54% il 27 maggio, nel momento della rinuncia all\u2019incarico al Quirinale, per attestarsi oggi all\u201981%: si tratta, secondo il trend Demopolis, di un incremento di notoriet\u00e0 senza precedenti, di quasi 80 punti in 15 giorni.<br \/>\n<a href=\"http:\/\/www.demopolis.it\/wp-content\/uploads\/2018\/06\/2.GovernoConte_7Giugno.jpg\"><img loading=\"lazy\" class=\"size-full wp-image-5296 aligncenter\" src=\"http:\/\/www.demopolis.it\/wp-content\/uploads\/2018\/06\/2.GovernoConte_7Giugno.jpg\" alt=\"\" width=\"800\" height=\"458\" srcset=\"https:\/\/www.demopolis.it\/wp-content\/uploads\/2018\/06\/2.GovernoConte_7Giugno.jpg 800w, https:\/\/www.demopolis.it\/wp-content\/uploads\/2018\/06\/2.GovernoConte_7Giugno-300x172.jpg 300w, https:\/\/www.demopolis.it\/wp-content\/uploads\/2018\/06\/2.GovernoConte_7Giugno-768x440.jpg 768w\" sizes=\"(max-width: 800px) 100vw, 800px\" \/><\/a><br \/>\n<\/span><\/div>\n<div class=\"\">\n<p><span class=\"\">\u201cDel primo intervento di Conte al Senato alcuni passaggi sono stati particolarmente apprezzati dall\u2019opinione pubblica: il 68% degli italiani &#8211; afferma il direttore di Demopolis Pietro Vento &#8211; rileva l\u2019impegno del nuovo Premier a mettere l\u2019ascolto dei cittadini al centro dell\u2019azione di Governo. 6 intervistati su 10 condividono il progetto di puntare su misure di crescita e non pi\u00f9 sull\u2019austerit\u00e0 per provare a ridurre il debito\u201d.<\/span><\/p>\n<p><a href=\"http:\/\/www.demopolis.it\/wp-content\/uploads\/2018\/06\/3.GovernoConte_7Giugno.jpg\"><img loading=\"lazy\" class=\"size-full wp-image-5297 aligncenter\" src=\"http:\/\/www.demopolis.it\/wp-content\/uploads\/2018\/06\/3.GovernoConte_7Giugno.jpg\" alt=\"\" width=\"800\" height=\"471\" srcset=\"https:\/\/www.demopolis.it\/wp-content\/uploads\/2018\/06\/3.GovernoConte_7Giugno.jpg 800w, https:\/\/www.demopolis.it\/wp-content\/uploads\/2018\/06\/3.GovernoConte_7Giugno-300x177.jpg 300w, https:\/\/www.demopolis.it\/wp-content\/uploads\/2018\/06\/3.GovernoConte_7Giugno-768x452.jpg 768w\" sizes=\"(max-width: 800px) 100vw, 800px\" \/><\/a><\/p>\n<\/div>\n<div class=\"\"><span class=\"\">\u00a0<\/span><\/div>\n<div class=\"\"><span class=\"\">L\u2019Istituto Demopolis ha analizzato per il programma Otto e Mezzo i principali punti del programma di Governo citati da Conte, tracciando l\u2019agenda degli italiani: il 71% ritiene prioritaria l\u2019introduzione del salario minimo orario, il 64% la stretta contro quello che il Premier ha definito il business dell\u2019immigrazione. 6 intervistati su 10 condividono l\u2019impegno a rendere pi\u00f9 dignitose le pensioni pi\u00f9 basse, portandole ad un minimo di 780 euro. Il reddito di cittadinanza a tempo per chi \u00e8 senza lavoro \u00e8 citato dal 47%, percentuale che aumenta tra quanti hanno meno di 40 anni e nelle regioni del Sud. La graduatoria si chiude con la flat tax, indicata dal 42%.<br \/>\n<a href=\"http:\/\/www.demopolis.it\/wp-content\/uploads\/2018\/06\/4.GovernoConte_7Giugno.jpg\"><img loading=\"lazy\" class=\"size-full wp-image-5298 aligncenter\" src=\"http:\/\/www.demopolis.it\/wp-content\/uploads\/2018\/06\/4.GovernoConte_7Giugno.jpg\" alt=\"\" width=\"800\" height=\"484\" srcset=\"https:\/\/www.demopolis.it\/wp-content\/uploads\/2018\/06\/4.GovernoConte_7Giugno.jpg 800w, https:\/\/www.demopolis.it\/wp-content\/uploads\/2018\/06\/4.GovernoConte_7Giugno-300x182.jpg 300w, https:\/\/www.demopolis.it\/wp-content\/uploads\/2018\/06\/4.GovernoConte_7Giugno-768x465.jpg 768w\" sizes=\"(max-width: 800px) 100vw, 800px\" \/><\/a><br \/>\n<\/span><\/div>\n<div class=\"\"><span class=\"\">\u00a0<\/span><\/div>\n<div class=\"\"><span class=\"\">Demopolis ha rilevato l\u2019orientamento degli italiani anche su due questioni centrali, indicate nel Contratto di Governo 5 Stelle\u2013Lega, ma non citate nel discorso di Conte.\u00a0<\/span><\/div>\n<div class=\"\"><span class=\"\">\u201cL\u2019incremento dell\u2019IVA, previsto dalle clausole di salvaguardia, \u00e8 il primo scoglio che dovr\u00e0 affrontare il nuovo Governo: l\u2019opinione dei cittadini \u2013 spiega Pietro Vento &#8211; \u00e8 netta: il 90% ritiene che l\u2019aumento dell\u2019Iva vada assolutamente bloccato\u201d. Altro tema chiave \u00e8 la proposta di superamento della legge Fornero, con la previsione della quota 100 ipotizzata da Di Maio, condivisa dai due terzi degli intervistati.\u00a0<\/span><span class=\"\"><a href=\"http:\/\/www.demopolis.it\/wp-content\/uploads\/2018\/06\/5.GovernoConte_7Giugno.jpg\"><img loading=\"lazy\" class=\"size-full wp-image-5299 aligncenter\" src=\"http:\/\/www.demopolis.it\/wp-content\/uploads\/2018\/06\/5.GovernoConte_7Giugno.jpg\" alt=\"\" width=\"800\" height=\"429\" srcset=\"https:\/\/www.demopolis.it\/wp-content\/uploads\/2018\/06\/5.GovernoConte_7Giugno.jpg 800w, https:\/\/www.demopolis.it\/wp-content\/uploads\/2018\/06\/5.GovernoConte_7Giugno-300x161.jpg 300w, https:\/\/www.demopolis.it\/wp-content\/uploads\/2018\/06\/5.GovernoConte_7Giugno-768x412.jpg 768w\" sizes=\"(max-width: 800px) 100vw, 800px\" \/><\/a><br class=\"\" \/><\/span><\/div>\n<div class=\"\"><span class=\"\">Agli occhi dell\u2019opinione pubblica, l\u2019Esecutivo M5S-Lega sembra destinato a durare. Per un quarto degli italiani potrebbe giungere a fine legislatura. Il 40% appare pi\u00f9 scettico ed ipotizza per il Governo una durata di 1-3 anni. Appena il 9% dei cittadini intervistati dall\u2019Istituto Demopolis immagina invece che l\u2019esperienza Conte possa concludersi in meno di un anno.\u00a0<\/span><\/div>\n<div class=\"\"><a href=\"http:\/\/www.demopolis.it\/wp-content\/uploads\/2018\/06\/6.GovernoConte_7Giugno.jpg\"><img loading=\"lazy\" class=\"size-full wp-image-5300 aligncenter\" src=\"http:\/\/www.demopolis.it\/wp-content\/uploads\/2018\/06\/6.GovernoConte_7Giugno.jpg\" alt=\"\" width=\"800\" height=\"468\" srcset=\"https:\/\/www.demopolis.it\/wp-content\/uploads\/2018\/06\/6.GovernoConte_7Giugno.jpg 800w, https:\/\/www.demopolis.it\/wp-content\/uploads\/2018\/06\/6.GovernoConte_7Giugno-300x176.jpg 300w, https:\/\/www.demopolis.it\/wp-content\/uploads\/2018\/06\/6.GovernoConte_7Giugno-768x449.jpg 768w\" sizes=\"(max-width: 800px) 100vw, 800px\" \/><\/a><br \/>\n<br class=\"\" \/><\/div>\n<\/div>\n<div class=\"\"><\/div>\n<\/div>\n<\/div>\n<\/div>\n<div class=\"\">\n<div class=\"\">\n<div class=\"\">\n<p>&nbsp;<\/p>\n<p>Nota informativa\u00a0\u2013 L\u2019indagine \u00e8 stata condotta dal 5 al 6 giugno 2018 dall\u2019Istituto Demopolis, diretto da Pietro Vento, per il programma Otto e Mezzo (LA7) su un campione stratificato di 1.500 intervistati, rappresentativo della popolazione italiana maggiorenne.\u00a0<span class=\"\">Supervisione della rilevazione demoscopica di Marco E. Tabacchi. Coordinamento a cura di \u00a0Pietro Vento, con la collaborazione di Giusy Montalbano e Maria Sabrina Titone.<\/span><\/p>\n<\/div>\n<\/div>\n<\/div>\n","protected":false},"excerpt":{"rendered":"<p>Gli italiani vedono positivamente il prof. Giuseppe Conte nel ruolo di Presidente del Consiglio: \u00e8 uno dei dati dell\u2019indagine realizzata dall\u2019Istituto Demopolis dopo il primo discorso in Parlamento del nuovo Premier. La notoriet\u00e0 di Conte \u00e8 cresciuta dal 3% all\u201981% in 2 settimane: un trend senza precedenti. L&#8217;Istituto diretto da Pietro Vento ha rilevato anche l&#8217;opinione degli italiani sui principali punti del programma di Governo M5S-Lega. <\/p>\n","protected":false},"author":5,"featured_media":5296,"comment_status":"closed","ping_status":"closed","sticky":false,"template":"","format":"standard","meta":{"ub_ctt_via":"","sfsi_plus_gutenberg_text_before_share":"","sfsi_plus_gutenberg_show_text_before_share":"","sfsi_plus_gutenberg_icon_type":"","sfsi_plus_gutenberg_icon_alignemt":"","sfsi_plus_gutenburg_max_per_row":""},"categories":[4],"tags":[],"featured_image_src":"https:\/\/www.demopolis.it\/wp-content\/uploads\/2018\/06\/2.GovernoConte_7Giugno.jpg","author_info":{"display_name":"Pietro Vento","author_link":"https:\/\/www.demopolis.it\/?author=5"},"_links":{"self":[{"href":"https:\/\/www.demopolis.it\/index.php?rest_route=\/wp\/v2\/posts\/5294"}],"collection":[{"href":"https:\/\/www.demopolis.it\/index.php?rest_route=\/wp\/v2\/posts"}],"about":[{"href":"https:\/\/www.demopolis.it\/index.php?rest_route=\/wp\/v2\/types\/post"}],"author":[{"embeddable":true,"href":"https:\/\/www.demopolis.it\/index.php?rest_route=\/wp\/v2\/users\/5"}],"replies":[{"embeddable":true,"href":"https:\/\/www.demopolis.it\/index.php?rest_route=%2Fwp%2Fv2%2Fcomments&post=5294"}],"version-history":[{"count":7,"href":"https:\/\/www.demopolis.it\/index.php?rest_route=\/wp\/v2\/posts\/5294\/revisions"}],"predecessor-version":[{"id":5307,"href":"https:\/\/www.demopolis.it\/index.php?rest_route=\/wp\/v2\/posts\/5294\/revisions\/5307"}],"wp:featuredmedia":[{"embeddable":true,"href":"https:\/\/www.demopolis.it\/index.php?rest_route=\/wp\/v2\/media\/5296"}],"wp:attachment":[{"href":"https:\/\/www.demopolis.it\/index.php?rest_route=%2Fwp%2Fv2%2Fmedia&parent=5294"}],"wp:term":[{"taxonomy":"category","embeddable":true,"href":"https:\/\/www.demopolis.it\/index.php?rest_route=%2Fwp%2Fv2%2Fcategories&post=5294"},{"taxonomy":"post_tag","embeddable":true,"href":"https:\/\/www.demopolis.it\/index.php?rest_route=%2Fwp%2Fv2%2Ftags&post=5294"}],"curies":[{"name":"wp","href":"https:\/\/api.w.org\/{rel}","templated":true}]}}